{"id":2257,"date":"2020-05-15T07:12:44","date_gmt":"2020-05-15T07:12:44","guid":{"rendered":"https:\/\/www.mur-partners.com\/blog\/ciclo-articulos-reflexiones-futuro-incierto\/"},"modified":"2025-03-25T15:14:36","modified_gmt":"2025-03-25T15:14:36","slug":"ciclo-articulos-reflexiones-futuro-incierto","status":"publish","type":"post","link":"https:\/\/www.mur-partners.com\/en\/tendencias-en-rrhh-en\/ciclo-articulos-reflexiones-futuro-incierto\/","title":{"rendered":"Reflexiones para un futuro incierto"},"content":{"rendered":"<p><span style=\"font-weight: 400;\">La pandemia de la COVID-19 ha hecho temblar los principios b\u00e1sicos de la sociedad tal como la entendemos. Un virus ha conseguido confinar a gran parte de la humanidad que habita nuestro planeta y todo apunta a que el mundo ya nunca volver\u00e1 a ser el mismo.<\/span><\/p>\n<p><span style=\"font-weight: 400;\">Los gobiernos, las instituciones y las empresas se van a ver obligadas a tomar decisiones trascendentales sobre una realidad nueva, desconocida, ins\u00f3lita e imprevisible.<\/span><\/p>\n<p><span style=\"font-weight: 400;\">Hasta aqu\u00ed el terreno de lo conocido. Lo que parece merecer el consenso de pensadores, expertos, fil\u00f3sofos y, en general, de todos los sabios que habitualmente proyectan luz sobre la realidad de nuestras vidas. S\u00f3lo sabemos que no sabemos.\u00a0<\/span><\/p>\n<p><span style=\"font-weight: 400;\">\u00bfC\u00f3mo va a ser el mundo despu\u00e9s de esta crisis? \u00bfc\u00f3mo van a cambiar nuestras vidas? \u00bfcu\u00e1les van a ser las claves de esta nueva era? \u00bfc\u00f3mo va a ser el futuro del trabajo?<\/span><\/p>\n<p><span style=\"font-weight: 400;\">En este escenario de incertidumbre, desde <\/span><b>Mur&amp;Partners<\/b><span style=\"font-weight: 400;\"> hemos querido abrir un espacio de pensamiento orientado a apuntar algunas claves que ayuden a repensar el ma\u00f1ana con la vista puesta en el futuro.\u00a0<\/span><\/p>\n<p><span style=\"font-weight: 400;\">Para ello, <\/span><b>hemos solicitado a un selecto grupo de destacadas figuras de nuestro entorno cient\u00edfico, socioecon\u00f3mico y empresarial, que nos compartan sus reflexiones sobre la llamada \u201cnueva normalidad&#8221;<\/b><span style=\"font-weight: 400;\">. Te los presentamos:<\/span><\/p>\n<h2>Xavier Torra<\/h2>\n<p><span style=\"font-weight: 400;\">Presidente de <\/span><a href=\"https:\/\/eurecat.org\/es\/\" target=\"_blank\" rel=\"noopener\">Eurecat, centro tecnol\u00f3gico de Catalu\u00f1a<\/a><span style=\"font-weight: 400;\">, que presta servicio a m\u00e1s de 1.000 empresas aportando soluciones de I+D aplicado, servicios tecnol\u00f3gicos, formaci\u00f3n de alta especializaci\u00f3n y consultor\u00eda tecnol\u00f3gica.<\/span><br \/>\n<span style=\"font-weight: 400;\">Es tambi\u00e9n presidente del Patronato de la Escuela de Negocios ESADE y miembro de los consejos asesores y de administraci\u00f3n de algunas de las empresas m\u00e1s destacadas de la industria en Catalu\u00f1a.<\/span><\/p>\n<h2>Carlos Grau<\/h2>\n<p><span style=\"font-weight: 400;\">Director general de <\/span><a href=\"https:\/\/mobileworldcapital.com\/es\/\" target=\"_blank\" rel=\"noopener\">Mobile World Capital Barcelona<\/a><span style=\"font-weight: 400;\"> desde 2017. Cuenta con una larga trayectoria profesional en el \u00e1mbito de las tecnolog\u00edas de la comunicaci\u00f3n y la informaci\u00f3n, as\u00ed como en el desarrollo de negocio digital.\u00a0<\/span><br \/>\n<span style=\"font-weight: 400;\">Tras ocupar diversos cargos de direcci\u00f3n en importantes empresas del sector TIC, en los \u00faltimos a\u00f1os ha centrado su actividad en el campo de la innovaci\u00f3n y ha ejercido como mentor para emprendedores a trav\u00e9s de Barcelona Activa o el programa de aceleraci\u00f3n Startupbootcamp IoT and Data, impulsado en colaboraci\u00f3n con MWCapital.\u00a0<\/span><\/p>\n<h2>Pilar Conesa<\/h2>\n<p><span style=\"font-weight: 400;\">Fundadora y directora de anteverti, empresa que asesora a directivos y organizaciones en la adaptaci\u00f3n a nuevos entornos de mercado, innovando y haciendo uso de las nuevas tecnolog\u00edas.<\/span><\/p>\n<p><span style=\"font-weight: 400;\">Es tambi\u00e9n directora del <\/span><a href=\"http:\/\/www.smartcityexpo.com\/en\/home\" target=\"_blank\" rel=\"noopener\">Smart City World Congress<\/a><span style=\"font-weight: 400;\">, evento de referencia internacional que organiza Fira de Barcelona anualmente.<\/span><\/p>\n<p><span style=\"font-weight: 400;\">Es miembro del Consejo Asesor de las Tecnolog\u00edas de la Informaci\u00f3n y la Comunicaci\u00f3n de la Generalitat de Catalunya, del Consejo Asesor del Instituto Internacional de Postgrado de la Universidad UOC, y del Consejo de UPC Alumni. Fue fundadora y primera presidenta de FIB Alumni.<\/span><\/p>\n<h2>Xavier Marcet<\/h2>\n<p><span style=\"font-weight: 400;\">Presidente de Lead To Change, empresa de\u00a0 consultor\u00eda en innovaci\u00f3n y estrategia con sede en Barcelona, Boston y Santiago de Chile. Desde el a\u00f1o 2002, Xavier Marcet, ha dirigido y trabajo en numerosos proyectos de consultor\u00eda en innovaci\u00f3n con grandes empresas, universidades y administraciones.<\/span><\/p>\n<p><span style=\"font-weight: 400;\">Actualmente es Presidente de la <\/span><a href=\"http:\/\/www.barcelonadrucker.cat\/\" target=\"_blank\" rel=\"noopener\">Barcelona Drucker Society<\/a><b>,<\/b><span style=\"font-weight: 400;\"> Presidente del Patronato de la Escuela de Negocios EUNCET, profesor part-time de la BSM de la UPF y articulista habitual de La Vanguardia.<\/span><\/p>\n<h2>Mateo Valero<\/h2>\n<p><span style=\"font-weight: 400;\">Ingeniero y doctor de telecomunicaci\u00f3n por las universidades de Madrid (UPM) y Catalu\u00f1a (UPC), respectivamente. Profesor desde 1974 y catedr\u00e1tico en Arquitectura de Computadores de la UPC desde 1983.<\/span><\/p>\n<p><span style=\"font-weight: 400;\">Fundador en 2004, y director desde entonces, del <\/span><a href=\"https:\/\/www.bsc.es\/es\" target=\"_blank\" rel=\"noopener\">Barcelona Supercomputing Center \u2013 Centro Nacional de Computaci\u00f3n<\/a><span style=\"font-weight: 400;\"> (BSC), que alberga el supercomputador Mare Nostrum y tiene m\u00e1s de 550 investigadores.<\/span><\/p>\n<p><span style=\"font-weight: 400;\">Para conocer la visi\u00f3n de estos expertos sobre el mundo nuevo que viene, en las pr\u00f3ximas semanas ponemos en marcha, en el <\/span><a href=\"https:\/\/www.mur-partners.com\/category\/blog\/\"><span style=\"font-weight: 400;\">blog de Mur&amp;Partners<\/span><\/a><span style=\"font-weight: 400;\">, el ciclo de art\u00edculos \u201c<\/span><b>Reflexiones para un futuro incierto<\/b><span style=\"font-weight: 400;\">\u201d \u00a1No te lo pierdas!\u00a0<\/span><\/p>\n","protected":false},"excerpt":{"rendered":"<p>La pandemia de la COVID-19 ha hecho temblar los principios b\u00e1sicos de la sociedad tal como la entendemos. Un virus ha conseguido confinar a gran parte de la humanidad que&#8230;<\/p>\n","protected":false},"author":3,"featured_media":4465,"comment_status":"closed","ping_status":"closed","sticky":false,"template":"","format":"standard","meta":{"inline_featured_image":false,"footnotes":""},"categories":[155],"tags":[],"class_list":{"0":"post-2257","1":"post","2":"type-post","3":"status-publish","4":"format-standard","5":"has-post-thumbnail","7":"category-tendencias-en-rrhh-en"},"yoast_head":"<!-- This site is optimized with the Yoast SEO plugin v23.5 - https:\/\/yoast.com\/wordpress\/plugins\/seo\/ -->\n<title>Reflexiones para un futuro incierto | Mur&amp;Partners<\/title>\n<meta name=\"description\" content=\"En el ciclo de art\u00edculos &#039;Reflexiones para un futuro incierto&#039; expertos de diversos \u00e1mbitos del conocimiento ofrecen su visi\u00f3n sobre el mundo que nos viene\" \/>\n<meta name=\"robots\" content=\"index, follow, max-snippet:-1, max-image-preview:large, max-video-preview:-1\" \/>\n<link rel=\"canonical\" href=\"https:\/\/www.mur-partners.com\/en\/tendencias-en-rrhh-en\/ciclo-articulos-reflexiones-futuro-incierto\/\" \/>\n<meta property=\"og:locale\" content=\"en_US\" \/>\n<meta property=\"og:type\" content=\"article\" \/>\n<meta property=\"og:title\" content=\"Reflexiones para un futuro incierto | Mur&amp;Partners\" \/>\n<meta property=\"og:description\" content=\"En el ciclo de art\u00edculos &#039;Reflexiones para un futuro incierto&#039; expertos de diversos \u00e1mbitos del conocimiento ofrecen su visi\u00f3n sobre el mundo que nos viene\" \/>\n<meta property=\"og:url\" content=\"https:\/\/www.mur-partners.com\/en\/tendencias-en-rrhh-en\/ciclo-articulos-reflexiones-futuro-incierto\/\" \/>\n<meta property=\"og:site_name\" content=\"Mur&amp;Partners\" \/>\n<meta property=\"article:publisher\" content=\"https:\/\/www.facebook.com\/murandpartners\/\" \/>\n<meta property=\"article:published_time\" content=\"2020-05-15T07:12:44+00:00\" \/>\n<meta property=\"article:modified_time\" content=\"2025-03-25T15:14:36+00:00\" \/>\n<meta property=\"og:image\" content=\"https:\/\/www.mur-partners.com\/wp-content\/uploads\/2020\/05\/mur-partners-blog-presentacion-ciclo-articulos-reflexiones-futuro-incierto.jpg\" \/>\n\t<meta property=\"og:image:width\" content=\"1250\" \/>\n\t<meta property=\"og:image:height\" content=\"834\" \/>\n\t<meta property=\"og:image:type\" content=\"image\/jpeg\" \/>\n<meta name=\"author\" content=\"Mur&amp;Partners\" \/>\n<meta name=\"twitter:card\" content=\"summary_large_image\" \/>\n<meta name=\"twitter:creator\" content=\"@murandpartners\" \/>\n<meta name=\"twitter:site\" content=\"@murandpartners\" \/>\n<meta name=\"twitter:label1\" content=\"Written by\" \/>\n\t<meta name=\"twitter:data1\" content=\"Mur&amp;Partners\" \/>\n\t<meta name=\"twitter:label2\" content=\"Est. reading time\" \/>\n\t<meta name=\"twitter:data2\" content=\"3 minutes\" \/>\n<script type=\"application\/ld+json\" class=\"yoast-schema-graph\">{\"@context\":\"https:\/\/schema.org\",\"@graph\":[{\"@type\":\"Article\",\"@id\":\"https:\/\/www.mur-partners.com\/en\/tendencias-en-rrhh-en\/ciclo-articulos-reflexiones-futuro-incierto\/#article\",\"isPartOf\":{\"@id\":\"https:\/\/www.mur-partners.com\/en\/tendencias-en-rrhh-en\/ciclo-articulos-reflexiones-futuro-incierto\/\"},\"author\":{\"name\":\"Mur&amp;Partners\",\"@id\":\"https:\/\/www.mur-partners.com\/en\/#\/schema\/person\/632434ec3cd82097db590f40cc601260\"},\"headline\":\"Reflexiones para un futuro incierto\",\"datePublished\":\"2020-05-15T07:12:44+00:00\",\"dateModified\":\"2025-03-25T15:14:36+00:00\",\"mainEntityOfPage\":{\"@id\":\"https:\/\/www.mur-partners.com\/en\/tendencias-en-rrhh-en\/ciclo-articulos-reflexiones-futuro-incierto\/\"},\"wordCount\":681,\"publisher\":{\"@id\":\"https:\/\/www.mur-partners.com\/en\/#organization\"},\"image\":{\"@id\":\"https:\/\/www.mur-partners.com\/en\/tendencias-en-rrhh-en\/ciclo-articulos-reflexiones-futuro-incierto\/#primaryimage\"},\"thumbnailUrl\":\"https:\/\/www.mur-partners.com\/wp-content\/uploads\/2020\/05\/mur-partners-blog-presentacion-ciclo-articulos-reflexiones-futuro-incierto.jpg\",\"articleSection\":[\"Tendencias en RRHH\"],\"inLanguage\":\"en-US\"},{\"@type\":\"WebPage\",\"@id\":\"https:\/\/www.mur-partners.com\/en\/tendencias-en-rrhh-en\/ciclo-articulos-reflexiones-futuro-incierto\/\",\"url\":\"https:\/\/www.mur-partners.com\/en\/tendencias-en-rrhh-en\/ciclo-articulos-reflexiones-futuro-incierto\/\",\"name\":\"Reflexiones para un futuro incierto | Mur&amp;Partners\",\"isPartOf\":{\"@id\":\"https:\/\/www.mur-partners.com\/en\/#website\"},\"primaryImageOfPage\":{\"@id\":\"https:\/\/www.mur-partners.com\/en\/tendencias-en-rrhh-en\/ciclo-articulos-reflexiones-futuro-incierto\/#primaryimage\"},\"image\":{\"@id\":\"https:\/\/www.mur-partners.com\/en\/tendencias-en-rrhh-en\/ciclo-articulos-reflexiones-futuro-incierto\/#primaryimage\"},\"thumbnailUrl\":\"https:\/\/www.mur-partners.com\/wp-content\/uploads\/2020\/05\/mur-partners-blog-presentacion-ciclo-articulos-reflexiones-futuro-incierto.jpg\",\"datePublished\":\"2020-05-15T07:12:44+00:00\",\"dateModified\":\"2025-03-25T15:14:36+00:00\",\"description\":\"En el ciclo de art\u00edculos 'Reflexiones para un futuro incierto' expertos de diversos \u00e1mbitos del conocimiento ofrecen su visi\u00f3n sobre el mundo que nos viene\",\"breadcrumb\":{\"@id\":\"https:\/\/www.mur-partners.com\/en\/tendencias-en-rrhh-en\/ciclo-articulos-reflexiones-futuro-incierto\/#breadcrumb\"},\"inLanguage\":\"en-US\",\"potentialAction\":[{\"@type\":\"ReadAction\",\"target\":[\"https:\/\/www.mur-partners.com\/en\/tendencias-en-rrhh-en\/ciclo-articulos-reflexiones-futuro-incierto\/\"]}]},{\"@type\":\"ImageObject\",\"inLanguage\":\"en-US\",\"@id\":\"https:\/\/www.mur-partners.com\/en\/tendencias-en-rrhh-en\/ciclo-articulos-reflexiones-futuro-incierto\/#primaryimage\",\"url\":\"https:\/\/www.mur-partners.com\/wp-content\/uploads\/2020\/05\/mur-partners-blog-presentacion-ciclo-articulos-reflexiones-futuro-incierto.jpg\",\"contentUrl\":\"https:\/\/www.mur-partners.com\/wp-content\/uploads\/2020\/05\/mur-partners-blog-presentacion-ciclo-articulos-reflexiones-futuro-incierto.jpg\",\"width\":1250,\"height\":834},{\"@type\":\"BreadcrumbList\",\"@id\":\"https:\/\/www.mur-partners.com\/en\/tendencias-en-rrhh-en\/ciclo-articulos-reflexiones-futuro-incierto\/#breadcrumb\",\"itemListElement\":[{\"@type\":\"ListItem\",\"position\":1,\"name\":\"Portada\",\"item\":\"https:\/\/www.mur-partners.com\/en\/\"},{\"@type\":\"ListItem\",\"position\":2,\"name\":\"Reflexiones para un futuro incierto\"}]},{\"@type\":\"WebSite\",\"@id\":\"https:\/\/www.mur-partners.com\/en\/#website\",\"url\":\"https:\/\/www.mur-partners.com\/en\/\",\"name\":\"Mur&amp;Partners\",\"description\":\"Consultora de recursos humanos especializada en profesionales de la ingenier\u00eda, tecnolog\u00eda, digital y biotech.\",\"publisher\":{\"@id\":\"https:\/\/www.mur-partners.com\/en\/#organization\"},\"potentialAction\":[{\"@type\":\"SearchAction\",\"target\":{\"@type\":\"EntryPoint\",\"urlTemplate\":\"https:\/\/www.mur-partners.com\/en\/?s={search_term_string}\"},\"query-input\":{\"@type\":\"PropertyValueSpecification\",\"valueRequired\":true,\"valueName\":\"search_term_string\"}}],\"inLanguage\":\"en-US\"},{\"@type\":\"Organization\",\"@id\":\"https:\/\/www.mur-partners.com\/en\/#organization\",\"name\":\"Mur&Partners\",\"url\":\"https:\/\/www.mur-partners.com\/en\/\",\"logo\":{\"@type\":\"ImageObject\",\"inLanguage\":\"en-US\",\"@id\":\"https:\/\/www.mur-partners.com\/en\/#\/schema\/logo\/image\/\",\"url\":\"https:\/\/www.mur-partners.com\/wp-content\/uploads\/2019\/10\/MP_COLOR-310x100.png\",\"contentUrl\":\"https:\/\/www.mur-partners.com\/wp-content\/uploads\/2019\/10\/MP_COLOR-310x100.png\",\"width\":310,\"height\":100,\"caption\":\"Mur&Partners\"},\"image\":{\"@id\":\"https:\/\/www.mur-partners.com\/en\/#\/schema\/logo\/image\/\"},\"sameAs\":[\"https:\/\/www.facebook.com\/murandpartners\/\",\"https:\/\/x.com\/murandpartners\",\"https:\/\/www.instagram.com\/murandpartners\/\",\"https:\/\/www.linkedin.com\/company\/10181384\/\"]},{\"@type\":\"Person\",\"@id\":\"https:\/\/www.mur-partners.com\/en\/#\/schema\/person\/632434ec3cd82097db590f40cc601260\",\"name\":\"Mur&amp;Partners\",\"image\":{\"@type\":\"ImageObject\",\"inLanguage\":\"en-US\",\"@id\":\"https:\/\/www.mur-partners.com\/en\/#\/schema\/person\/image\/\",\"url\":\"https:\/\/secure.gravatar.com\/avatar\/396306b72016ce14b028119fe506f785?s=96&d=mm&r=g\",\"contentUrl\":\"https:\/\/secure.gravatar.com\/avatar\/396306b72016ce14b028119fe506f785?s=96&d=mm&r=g\",\"caption\":\"Mur&amp;Partners\"}}]}<\/script>\n<!-- \/ Yoast SEO plugin. -->","yoast_head_json":{"title":"Reflexiones para un futuro incierto | Mur&amp;Partners","description":"En el ciclo de art\u00edculos 'Reflexiones para un futuro incierto' expertos de diversos \u00e1mbitos del conocimiento ofrecen su visi\u00f3n sobre el mundo que nos viene","robots":{"index":"index","follow":"follow","max-snippet":"max-snippet:-1","max-image-preview":"max-image-preview:large","max-video-preview":"max-video-preview:-1"},"canonical":"https:\/\/www.mur-partners.com\/en\/tendencias-en-rrhh-en\/ciclo-articulos-reflexiones-futuro-incierto\/","og_locale":"en_US","og_type":"article","og_title":"Reflexiones para un futuro incierto | Mur&amp;Partners","og_description":"En el ciclo de art\u00edculos 'Reflexiones para un futuro incierto' expertos de diversos \u00e1mbitos del conocimiento ofrecen su visi\u00f3n sobre el mundo que nos viene","og_url":"https:\/\/www.mur-partners.com\/en\/tendencias-en-rrhh-en\/ciclo-articulos-reflexiones-futuro-incierto\/","og_site_name":"Mur&amp;Partners","article_publisher":"https:\/\/www.facebook.com\/murandpartners\/","article_published_time":"2020-05-15T07:12:44+00:00","article_modified_time":"2025-03-25T15:14:36+00:00","og_image":[{"width":1250,"height":834,"url":"https:\/\/www.mur-partners.com\/wp-content\/uploads\/2020\/05\/mur-partners-blog-presentacion-ciclo-articulos-reflexiones-futuro-incierto.jpg","type":"image\/jpeg"}],"author":"Mur&amp;Partners","twitter_card":"summary_large_image","twitter_creator":"@murandpartners","twitter_site":"@murandpartners","twitter_misc":{"Written by":"Mur&amp;Partners","Est. reading time":"3 minutes"},"schema":{"@context":"https:\/\/schema.org","@graph":[{"@type":"Article","@id":"https:\/\/www.mur-partners.com\/en\/tendencias-en-rrhh-en\/ciclo-articulos-reflexiones-futuro-incierto\/#article","isPartOf":{"@id":"https:\/\/www.mur-partners.com\/en\/tendencias-en-rrhh-en\/ciclo-articulos-reflexiones-futuro-incierto\/"},"author":{"name":"Mur&amp;Partners","@id":"https:\/\/www.mur-partners.com\/en\/#\/schema\/person\/632434ec3cd82097db590f40cc601260"},"headline":"Reflexiones para un futuro incierto","datePublished":"2020-05-15T07:12:44+00:00","dateModified":"2025-03-25T15:14:36+00:00","mainEntityOfPage":{"@id":"https:\/\/www.mur-partners.com\/en\/tendencias-en-rrhh-en\/ciclo-articulos-reflexiones-futuro-incierto\/"},"wordCount":681,"publisher":{"@id":"https:\/\/www.mur-partners.com\/en\/#organization"},"image":{"@id":"https:\/\/www.mur-partners.com\/en\/tendencias-en-rrhh-en\/ciclo-articulos-reflexiones-futuro-incierto\/#primaryimage"},"thumbnailUrl":"https:\/\/www.mur-partners.com\/wp-content\/uploads\/2020\/05\/mur-partners-blog-presentacion-ciclo-articulos-reflexiones-futuro-incierto.jpg","articleSection":["Tendencias en RRHH"],"inLanguage":"en-US"},{"@type":"WebPage","@id":"https:\/\/www.mur-partners.com\/en\/tendencias-en-rrhh-en\/ciclo-articulos-reflexiones-futuro-incierto\/","url":"https:\/\/www.mur-partners.com\/en\/tendencias-en-rrhh-en\/ciclo-articulos-reflexiones-futuro-incierto\/","name":"Reflexiones para un futuro incierto | Mur&amp;Partners","isPartOf":{"@id":"https:\/\/www.mur-partners.com\/en\/#website"},"primaryImageOfPage":{"@id":"https:\/\/www.mur-partners.com\/en\/tendencias-en-rrhh-en\/ciclo-articulos-reflexiones-futuro-incierto\/#primaryimage"},"image":{"@id":"https:\/\/www.mur-partners.com\/en\/tendencias-en-rrhh-en\/ciclo-articulos-reflexiones-futuro-incierto\/#primaryimage"},"thumbnailUrl":"https:\/\/www.mur-partners.com\/wp-content\/uploads\/2020\/05\/mur-partners-blog-presentacion-ciclo-articulos-reflexiones-futuro-incierto.jpg","datePublished":"2020-05-15T07:12:44+00:00","dateModified":"2025-03-25T15:14:36+00:00","description":"En el ciclo de art\u00edculos 'Reflexiones para un futuro incierto' expertos de diversos \u00e1mbitos del conocimiento ofrecen su visi\u00f3n sobre el mundo que nos viene","breadcrumb":{"@id":"https:\/\/www.mur-partners.com\/en\/tendencias-en-rrhh-en\/ciclo-articulos-reflexiones-futuro-incierto\/#breadcrumb"},"inLanguage":"en-US","potentialAction":[{"@type":"ReadAction","target":["https:\/\/www.mur-partners.com\/en\/tendencias-en-rrhh-en\/ciclo-articulos-reflexiones-futuro-incierto\/"]}]},{"@type":"ImageObject","inLanguage":"en-US","@id":"https:\/\/www.mur-partners.com\/en\/tendencias-en-rrhh-en\/ciclo-articulos-reflexiones-futuro-incierto\/#primaryimage","url":"https:\/\/www.mur-partners.com\/wp-content\/uploads\/2020\/05\/mur-partners-blog-presentacion-ciclo-articulos-reflexiones-futuro-incierto.jpg","contentUrl":"https:\/\/www.mur-partners.com\/wp-content\/uploads\/2020\/05\/mur-partners-blog-presentacion-ciclo-articulos-reflexiones-futuro-incierto.jpg","width":1250,"height":834},{"@type":"BreadcrumbList","@id":"https:\/\/www.mur-partners.com\/en\/tendencias-en-rrhh-en\/ciclo-articulos-reflexiones-futuro-incierto\/#breadcrumb","itemListElement":[{"@type":"ListItem","position":1,"name":"Portada","item":"https:\/\/www.mur-partners.com\/en\/"},{"@type":"ListItem","position":2,"name":"Reflexiones para un futuro incierto"}]},{"@type":"WebSite","@id":"https:\/\/www.mur-partners.com\/en\/#website","url":"https:\/\/www.mur-partners.com\/en\/","name":"Mur&amp;Partners","description":"Consultora de recursos humanos especializada en profesionales de la ingenier\u00eda, tecnolog\u00eda, digital y biotech.","publisher":{"@id":"https:\/\/www.mur-partners.com\/en\/#organization"},"potentialAction":[{"@type":"SearchAction","target":{"@type":"EntryPoint","urlTemplate":"https:\/\/www.mur-partners.com\/en\/?s={search_term_string}"},"query-input":{"@type":"PropertyValueSpecification","valueRequired":true,"valueName":"search_term_string"}}],"inLanguage":"en-US"},{"@type":"Organization","@id":"https:\/\/www.mur-partners.com\/en\/#organization","name":"Mur&Partners","url":"https:\/\/www.mur-partners.com\/en\/","logo":{"@type":"ImageObject","inLanguage":"en-US","@id":"https:\/\/www.mur-partners.com\/en\/#\/schema\/logo\/image\/","url":"https:\/\/www.mur-partners.com\/wp-content\/uploads\/2019\/10\/MP_COLOR-310x100.png","contentUrl":"https:\/\/www.mur-partners.com\/wp-content\/uploads\/2019\/10\/MP_COLOR-310x100.png","width":310,"height":100,"caption":"Mur&Partners"},"image":{"@id":"https:\/\/www.mur-partners.com\/en\/#\/schema\/logo\/image\/"},"sameAs":["https:\/\/www.facebook.com\/murandpartners\/","https:\/\/x.com\/murandpartners","https:\/\/www.instagram.com\/murandpartners\/","https:\/\/www.linkedin.com\/company\/10181384\/"]},{"@type":"Person","@id":"https:\/\/www.mur-partners.com\/en\/#\/schema\/person\/632434ec3cd82097db590f40cc601260","name":"Mur&amp;Partners","image":{"@type":"ImageObject","inLanguage":"en-US","@id":"https:\/\/www.mur-partners.com\/en\/#\/schema\/person\/image\/","url":"https:\/\/secure.gravatar.com\/avatar\/396306b72016ce14b028119fe506f785?s=96&d=mm&r=g","contentUrl":"https:\/\/secure.gravatar.com\/avatar\/396306b72016ce14b028119fe506f785?s=96&d=mm&r=g","caption":"Mur&amp;Partners"}}]}},"_links":{"self":[{"href":"https:\/\/www.mur-partners.com\/en\/wp-json\/wp\/v2\/posts\/2257"}],"collection":[{"href":"https:\/\/www.mur-partners.com\/en\/wp-json\/wp\/v2\/posts"}],"about":[{"href":"https:\/\/www.mur-partners.com\/en\/wp-json\/wp\/v2\/types\/post"}],"author":[{"embeddable":true,"href":"https:\/\/www.mur-partners.com\/en\/wp-json\/wp\/v2\/users\/3"}],"replies":[{"embeddable":true,"href":"https:\/\/www.mur-partners.com\/en\/wp-json\/wp\/v2\/comments?post=2257"}],"version-history":[{"count":1,"href":"https:\/\/www.mur-partners.com\/en\/wp-json\/wp\/v2\/posts\/2257\/revisions"}],"predecessor-version":[{"id":5445,"href":"https:\/\/www.mur-partners.com\/en\/wp-json\/wp\/v2\/posts\/2257\/revisions\/5445"}],"wp:featuredmedia":[{"embeddable":true,"href":"https:\/\/www.mur-partners.com\/en\/wp-json\/wp\/v2\/media\/4465"}],"wp:attachment":[{"href":"https:\/\/www.mur-partners.com\/en\/wp-json\/wp\/v2\/media?parent=2257"}],"wp:term":[{"taxonomy":"category","embeddable":true,"href":"https:\/\/www.mur-partners.com\/en\/wp-json\/wp\/v2\/categories?post=2257"},{"taxonomy":"post_tag","embeddable":true,"href":"https:\/\/www.mur-partners.com\/en\/wp-json\/wp\/v2\/tags?post=2257"}],"curies":[{"name":"wp","href":"https:\/\/api.w.org\/{rel}","templated":true}]}}